{"id":342,"date":"2019-05-25T23:35:00","date_gmt":"2019-05-25T23:35:00","guid":{"rendered":"https:\/\/tv.diputadoscatamarca.gob.ar\/?p=342"},"modified":"2023-02-16T00:02:18","modified_gmt":"2023-02-16T00:02:18","slug":"himno-nacional-argentino-en-campo-de-piedra-pomez","status":"publish","type":"post","link":"https:\/\/tv.diputadoscatamarca.gob.ar\/index.php\/2019\/05\/25\/himno-nacional-argentino-en-campo-de-piedra-pomez\/","title":{"rendered":"Himno nacional Argentino en campo de piedra p\u00f3mez"},"content":{"rendered":"\n<p><a href=\"https:\/\/www.youtube.com\/@maxiaramburu\"><\/a><\/p>\n\n\n<figure class=\"wp-block-embed-youtube wp-block-embed is-type-video is-provider-youtube wp-embed-aspect-16-9 wp-has-aspect-ratio\"><div class=\"lyte-wrapper fourthree\" style=\"width:480px;max-width:100%;margin:5px;\"><div class=\"lyMe\" id=\"WYL_T36_H01BErk\"><div id=\"lyte_T36_H01BErk\" data-src=\"\/\/i.ytimg.com\/vi\/T36_H01BErk\/hqdefault.jpg\" class=\"pL\"><div class=\"tC\"><div class=\"tT\"><\/div><\/div><div class=\"play\"><\/div><div class=\"ctrl\"><div class=\"Lctrl\"><\/div><div class=\"Rctrl\"><\/div><\/div><\/div><noscript><a href=\"https:\/\/youtu.be\/T36_H01BErk\" rel=\"nofollow\"><img decoding=\"async\" src=\"https:\/\/i.ytimg.com\/vi\/T36_H01BErk\/0.jpg\" alt=\"YouTube video thumbnail\" width=\"480\" height=\"340\" \/><br \/>Ver este v\u00eddeo en YouTube<\/a><\/noscript><\/div><\/div><div class=\"lL\" style=\"max-width:100%;width:480px;margin:5px;\"><\/div><figcaption><\/figcaption><\/figure>\n\n\n<p>Nos llena de orgullo presentar la versi\u00f3n completa del Himno Nacional Argentino grabada en nuestro hermoso Campo de Piedra P\u00f3mez, en Antofagasta de la Sierra &#8211; Catamarca Argentina La Orquesta Andina fue dirigida por el artista y m\u00fasico catamarque\u00f1o <a rel=\"noreferrer noopener\" href=\"https:\/\/www.youtube.com\/@juanignaciomolina4176\" target=\"_blank\">Juan Ignacio Molina<\/a>, y por 40 m\u00fasicos y ni\u00f1os de toda la provincia de Catamarca, Argentina, entre ellos los alumnos que asisten al Hogar Escuela, rodeada de ese imponente paisaje, logra despertar todas las emociones desde el primer al \u00faltimo acorde<\/p>\n","protected":false},"excerpt":{"rendered":"<p>Nos llena de orgullo presentar la versi\u00f3n completa del Himno Nacional Argentino grabada en nuestro hermoso Campo de Piedra P\u00f3mez, en Antofagasta de la Sierra &#8211; Catamarca Argentina La Orquesta Andina fue dirigida por el artista y m\u00fasico catamarque\u00f1o Juan&#8230; <\/p>\n","protected":false},"author":1,"featured_media":347,"comment_status":"open","ping_status":"closed","sticky":false,"template":"","format":"standard","meta":{"footnotes":""},"categories":[1],"tags":[],"class_list":["post-342","post","type-post","status-publish","format-standard","has-post-thumbnail","hentry","category-1"],"_links":{"self":[{"href":"https:\/\/tv.diputadoscatamarca.gob.ar\/index.php\/wp-json\/wp\/v2\/posts\/342","targetHints":{"allow":["GET"]}}],"collection":[{"href":"https:\/\/tv.diputadoscatamarca.gob.ar\/index.php\/wp-json\/wp\/v2\/posts"}],"about":[{"href":"https:\/\/tv.diputadoscatamarca.gob.ar\/index.php\/wp-json\/wp\/v2\/types\/post"}],"author":[{"embeddable":true,"href":"https:\/\/tv.diputadoscatamarca.gob.ar\/index.php\/wp-json\/wp\/v2\/users\/1"}],"replies":[{"embeddable":true,"href":"https:\/\/tv.diputadoscatamarca.gob.ar\/index.php\/wp-json\/wp\/v2\/comments?post=342"}],"version-history":[{"count":2,"href":"https:\/\/tv.diputadoscatamarca.gob.ar\/index.php\/wp-json\/wp\/v2\/posts\/342\/revisions"}],"predecessor-version":[{"id":345,"href":"https:\/\/tv.diputadoscatamarca.gob.ar\/index.php\/wp-json\/wp\/v2\/posts\/342\/revisions\/345"}],"wp:featuredmedia":[{"embeddable":true,"href":"https:\/\/tv.diputadoscatamarca.gob.ar\/index.php\/wp-json\/wp\/v2\/media\/347"}],"wp:attachment":[{"href":"https:\/\/tv.diputadoscatamarca.gob.ar\/index.php\/wp-json\/wp\/v2\/media?parent=342"}],"wp:term":[{"taxonomy":"category","embeddable":true,"href":"https:\/\/tv.diputadoscatamarca.gob.ar\/index.php\/wp-json\/wp\/v2\/categories?post=342"},{"taxonomy":"post_tag","embeddable":true,"href":"https:\/\/tv.diputadoscatamarca.gob.ar\/index.php\/wp-json\/wp\/v2\/tags?post=342"}],"curies":[{"name":"wp","href":"https:\/\/api.w.org\/{rel}","templated":true}]}}